{"id":694,"date":"2023-06-05T15:11:11","date_gmt":"2023-06-05T13:11:11","guid":{"rendered":"https:\/\/www.danielarapetta.it\/creche-de-noel-en-liege\/"},"modified":"2024-04-22T16:26:49","modified_gmt":"2024-04-22T14:26:49","slug":"creche-de-noel-en-liege","status":"publish","type":"post","link":"https:\/\/www.danielarapetta.it\/fr\/creche-de-noel-en-liege\/","title":{"rendered":"Cr\u00e8che de No\u00ebl en li\u00e8ge"},"content":{"rendered":"\t\t<div data-elementor-type=\"wp-post\" data-elementor-id=\"694\" class=\"elementor elementor-694 elementor-304\" data-elementor-post-type=\"post\">\n\t\t\t\t\t\t<section class=\"elementor-section elementor-top-section elementor-element elementor-element-1c923399 elementor-section-content-middle elementor-section-boxed elementor-section-height-default elementor-section-height-default\" data-id=\"1c923399\" data-element_type=\"section\">\n\t\t\t\t\t\t<div class=\"elementor-container elementor-column-gap-default\">\n\t\t\t\t\t<div class=\"elementor-column elementor-col-50 elementor-top-column elementor-element elementor-element-67c89778\" data-id=\"67c89778\" data-element_type=\"column\">\n\t\t\t<div class=\"elementor-widget-wrap elementor-element-populated\">\n\t\t\t\t\t\t<div class=\"elementor-element elementor-element-37e7e951 elementor-widget elementor-widget-text-editor\" data-id=\"37e7e951\" data-element_type=\"widget\" data-widget_type=\"text-editor.default\">\n\t\t\t\t<div class=\"elementor-widget-container\">\n\t\t\t<style>\/*! elementor - v3.20.0 - 20-03-2024 *\/\n.elementor-widget-text-editor.elementor-drop-cap-view-stacked .elementor-drop-cap{background-color:#69727d;color:#fff}.elementor-widget-text-editor.elementor-drop-cap-view-framed .elementor-drop-cap{color:#69727d;border:3px solid;background-color:transparent}.elementor-widget-text-editor:not(.elementor-drop-cap-view-default) .elementor-drop-cap{margin-top:8px}.elementor-widget-text-editor:not(.elementor-drop-cap-view-default) .elementor-drop-cap-letter{width:1em;height:1em}.elementor-widget-text-editor .elementor-drop-cap{float:left;text-align:center;line-height:1;font-size:50px}.elementor-widget-text-editor .elementor-drop-cap-letter{display:inline-block}<\/style>\t\t\t\tUn apr\u00e8s-midi avec tes amis pour cr\u00e9er ta cr\u00e8che de No\u00ebl en mat\u00e9riel recycl\u00e9.\r\n\r\nUne boite de chaussure pour la cabane, des bouts d&rsquo;\u00e9corce pour le toit, bouchons en li\u00e8ge et feutrine pour les santons.\r\n\r\nEt surtout&#8230; beaucoup de cr\u00e9ativit\u00e9 !\t\t\t\t\t\t<\/div>\n\t\t\t\t<\/div>\n\t\t\t\t\t<\/div>\n\t\t<\/div>\n\t\t\t\t<div class=\"elementor-column elementor-col-50 elementor-top-column elementor-element elementor-element-496152e\" data-id=\"496152e\" data-element_type=\"column\">\n\t\t\t<div class=\"elementor-widget-wrap elementor-element-populated\">\n\t\t\t\t\t\t<div class=\"elementor-element elementor-element-8c2bc8c elementor-widget__width-initial elementor-widget elementor-widget-image\" data-id=\"8c2bc8c\" data-element_type=\"widget\" data-widget_type=\"image.default\">\n\t\t\t\t<div class=\"elementor-widget-container\">\n\t\t\t<style>\/*! elementor - v3.20.0 - 20-03-2024 *\/\n.elementor-widget-image{text-align:center}.elementor-widget-image a{display:inline-block}.elementor-widget-image a img[src$=\".svg\"]{width:48px}.elementor-widget-image img{vertical-align:middle;display:inline-block}<\/style>\t\t\t\t\t\t\t\t\t\t<img fetchpriority=\"high\" decoding=\"async\" width=\"600\" height=\"567\" src=\"https:\/\/www.danielarapetta.it\/wp-content\/uploads\/2023\/06\/presepe_sughero.jpg\" class=\"attachment-large size-large wp-image-816\" alt=\"\" srcset=\"https:\/\/www.danielarapetta.it\/wp-content\/uploads\/2023\/06\/presepe_sughero.jpg 600w, https:\/\/www.danielarapetta.it\/wp-content\/uploads\/2023\/06\/presepe_sughero-300x284.jpg 300w\" sizes=\"(max-width: 600px) 100vw, 600px\" \/>\t\t\t\t\t\t\t\t\t\t\t\t\t<\/div>\n\t\t\t\t<\/div>\n\t\t\t\t\t<\/div>\n\t\t<\/div>\n\t\t\t\t\t<\/div>\n\t\t<\/section>\n\t\t\t\t<\/div>\n\t\t","protected":false},"excerpt":{"rendered":"<p>Un apr\u00e8s-midi avec tes amis pour cr\u00e9er ta cr\u00e8che de No\u00ebl en mat\u00e9riel recycl\u00e9. Une boite de chaussure pour la cabane, des bouts d&rsquo;\u00e9corce pour le toit, bouchons en li\u00e8ge et feutrine pour les santons. Et surtout&#8230; beaucoup de cr\u00e9ativit\u00e9 !<\/p>\n","protected":false},"author":1,"featured_media":970,"comment_status":"closed","ping_status":"closed","sticky":false,"template":"","format":"standard","meta":{"_acf_changed":false,"footnotes":""},"categories":[30],"tags":[],"class_list":["post-694","post","type-post","status-publish","format-standard","has-post-thumbnail","hentry","category-ateliers-enfants"],"acf":[],"yoast_head":"<!-- This site is optimized with the Yoast SEO plugin v22.3 - https:\/\/yoast.com\/wordpress\/plugins\/seo\/ -->\n<title>Cr\u00e8che de No\u00ebl en li\u00e8ge - Daniela Rapetta<\/title>\n<meta name=\"robots\" content=\"index, follow, max-snippet:-1, max-image-preview:large, max-video-preview:-1\" \/>\n<link rel=\"canonical\" href=\"https:\/\/www.danielarapetta.it\/fr\/creche-de-noel-en-liege\/\" \/>\n<meta property=\"og:locale\" content=\"fr_FR\" \/>\n<meta property=\"og:type\" content=\"article\" \/>\n<meta property=\"og:title\" content=\"Cr\u00e8che de No\u00ebl en li\u00e8ge - Daniela Rapetta\" \/>\n<meta property=\"og:description\" content=\"Un apr\u00e8s-midi avec tes amis pour cr\u00e9er ta cr\u00e8che de No\u00ebl en mat\u00e9riel recycl\u00e9. Une boite de chaussure pour la cabane, des bouts d&rsquo;\u00e9corce pour le toit, bouchons en li\u00e8ge et feutrine pour les santons. Et surtout&#8230; beaucoup de cr\u00e9ativit\u00e9 !\" \/>\n<meta property=\"og:url\" content=\"https:\/\/www.danielarapetta.it\/fr\/creche-de-noel-en-liege\/\" \/>\n<meta property=\"og:site_name\" content=\"Daniela Rapetta\" \/>\n<meta property=\"article:published_time\" content=\"2023-06-05T13:11:11+00:00\" \/>\n<meta property=\"article:modified_time\" content=\"2024-04-22T14:26:49+00:00\" \/>\n<meta property=\"og:image\" content=\"https:\/\/www.danielarapetta.it\/wp-content\/uploads\/2023\/06\/presepe_sughero.jpg\" \/>\n\t<meta property=\"og:image:width\" content=\"600\" \/>\n\t<meta property=\"og:image:height\" content=\"567\" \/>\n\t<meta property=\"og:image:type\" content=\"image\/jpeg\" \/>\n<meta name=\"author\" content=\"dr-webdev\" \/>\n<meta name=\"twitter:card\" content=\"summary_large_image\" \/>\n<meta name=\"twitter:label1\" content=\"\u00c9crit par\" \/>\n\t<meta name=\"twitter:data1\" content=\"dr-webdev\" \/>\n<script type=\"application\/ld+json\" class=\"yoast-schema-graph\">{\"@context\":\"https:\/\/schema.org\",\"@graph\":[{\"@type\":\"Article\",\"@id\":\"https:\/\/www.danielarapetta.it\/fr\/creche-de-noel-en-liege\/#article\",\"isPartOf\":{\"@id\":\"https:\/\/www.danielarapetta.it\/fr\/creche-de-noel-en-liege\/\"},\"author\":{\"name\":\"dr-webdev\",\"@id\":\"https:\/\/www.danielarapetta.it\/fr\/#\/schema\/person\/82a14597c521bd8dfdee88bf453c4d7d\"},\"headline\":\"Cr\u00e8che de No\u00ebl en li\u00e8ge\",\"datePublished\":\"2023-06-05T13:11:11+00:00\",\"dateModified\":\"2024-04-22T14:26:49+00:00\",\"mainEntityOfPage\":{\"@id\":\"https:\/\/www.danielarapetta.it\/fr\/creche-de-noel-en-liege\/\"},\"wordCount\":56,\"publisher\":{\"@id\":\"https:\/\/www.danielarapetta.it\/fr\/#\/schema\/person\/90a3b04ebfff8efab9a67cdf7a2be37d\"},\"image\":{\"@id\":\"https:\/\/www.danielarapetta.it\/fr\/creche-de-noel-en-liege\/#primaryimage\"},\"thumbnailUrl\":\"https:\/\/www.danielarapetta.it\/wp-content\/uploads\/2023\/06\/Design-1.jpg\",\"articleSection\":[\"Ateliers enfants\"],\"inLanguage\":\"fr-FR\"},{\"@type\":\"WebPage\",\"@id\":\"https:\/\/www.danielarapetta.it\/fr\/creche-de-noel-en-liege\/\",\"url\":\"https:\/\/www.danielarapetta.it\/fr\/creche-de-noel-en-liege\/\",\"name\":\"Cr\u00e8che de No\u00ebl en li\u00e8ge - Daniela Rapetta\",\"isPartOf\":{\"@id\":\"https:\/\/www.danielarapetta.it\/fr\/#website\"},\"primaryImageOfPage\":{\"@id\":\"https:\/\/www.danielarapetta.it\/fr\/creche-de-noel-en-liege\/#primaryimage\"},\"image\":{\"@id\":\"https:\/\/www.danielarapetta.it\/fr\/creche-de-noel-en-liege\/#primaryimage\"},\"thumbnailUrl\":\"https:\/\/www.danielarapetta.it\/wp-content\/uploads\/2023\/06\/Design-1.jpg\",\"datePublished\":\"2023-06-05T13:11:11+00:00\",\"dateModified\":\"2024-04-22T14:26:49+00:00\",\"breadcrumb\":{\"@id\":\"https:\/\/www.danielarapetta.it\/fr\/creche-de-noel-en-liege\/#breadcrumb\"},\"inLanguage\":\"fr-FR\",\"potentialAction\":[{\"@type\":\"ReadAction\",\"target\":[\"https:\/\/www.danielarapetta.it\/fr\/creche-de-noel-en-liege\/\"]}]},{\"@type\":\"ImageObject\",\"inLanguage\":\"fr-FR\",\"@id\":\"https:\/\/www.danielarapetta.it\/fr\/creche-de-noel-en-liege\/#primaryimage\",\"url\":\"https:\/\/www.danielarapetta.it\/wp-content\/uploads\/2023\/06\/Design-1.jpg\",\"contentUrl\":\"https:\/\/www.danielarapetta.it\/wp-content\/uploads\/2023\/06\/Design-1.jpg\",\"width\":1080,\"height\":1080},{\"@type\":\"BreadcrumbList\",\"@id\":\"https:\/\/www.danielarapetta.it\/fr\/creche-de-noel-en-liege\/#breadcrumb\",\"itemListElement\":[{\"@type\":\"ListItem\",\"position\":1,\"name\":\"Home\",\"item\":\"https:\/\/www.danielarapetta.it\/fr\/\"},{\"@type\":\"ListItem\",\"position\":2,\"name\":\"Cr\u00e8che de No\u00ebl en li\u00e8ge\"}]},{\"@type\":\"WebSite\",\"@id\":\"https:\/\/www.danielarapetta.it\/fr\/#website\",\"url\":\"https:\/\/www.danielarapetta.it\/fr\/\",\"name\":\"Daniela Rapetta\",\"description\":\"Emozioni e Colori\",\"publisher\":{\"@id\":\"https:\/\/www.danielarapetta.it\/fr\/#\/schema\/person\/90a3b04ebfff8efab9a67cdf7a2be37d\"},\"potentialAction\":[{\"@type\":\"SearchAction\",\"target\":{\"@type\":\"EntryPoint\",\"urlTemplate\":\"https:\/\/www.danielarapetta.it\/fr\/?s={search_term_string}\"},\"query-input\":\"required name=search_term_string\"}],\"inLanguage\":\"fr-FR\"},{\"@type\":[\"Person\",\"Organization\"],\"@id\":\"https:\/\/www.danielarapetta.it\/fr\/#\/schema\/person\/90a3b04ebfff8efab9a67cdf7a2be37d\",\"name\":\"Daniela Rapetta\",\"image\":{\"@type\":\"ImageObject\",\"inLanguage\":\"fr-FR\",\"@id\":\"https:\/\/www.danielarapetta.it\/fr\/#\/schema\/person\/image\/\",\"url\":\"https:\/\/www.danielarapetta.it\/wp-content\/uploads\/2023\/05\/logo.png\",\"contentUrl\":\"https:\/\/www.danielarapetta.it\/wp-content\/uploads\/2023\/05\/logo.png\",\"width\":450,\"height\":176,\"caption\":\"Daniela Rapetta\"},\"logo\":{\"@id\":\"https:\/\/www.danielarapetta.it\/fr\/#\/schema\/person\/image\/\"}},{\"@type\":\"Person\",\"@id\":\"https:\/\/www.danielarapetta.it\/fr\/#\/schema\/person\/82a14597c521bd8dfdee88bf453c4d7d\",\"name\":\"dr-webdev\",\"image\":{\"@type\":\"ImageObject\",\"inLanguage\":\"fr-FR\",\"@id\":\"https:\/\/www.danielarapetta.it\/fr\/#\/schema\/person\/image\/\",\"url\":\"https:\/\/www.danielarapetta.it\/wp-content\/litespeed\/avatar\/9dc2e5006ffeb897be2eb91d200f4d12.jpg?ver=1777093330\",\"contentUrl\":\"https:\/\/www.danielarapetta.it\/wp-content\/litespeed\/avatar\/9dc2e5006ffeb897be2eb91d200f4d12.jpg?ver=1777093330\",\"caption\":\"dr-webdev\"},\"sameAs\":[\"https:\/\/www.danielarapetta.it\"]}]}<\/script>\n<!-- \/ Yoast SEO plugin. -->","yoast_head_json":{"title":"Cr\u00e8che de No\u00ebl en li\u00e8ge - Daniela Rapetta","robots":{"index":"index","follow":"follow","max-snippet":"max-snippet:-1","max-image-preview":"max-image-preview:large","max-video-preview":"max-video-preview:-1"},"canonical":"https:\/\/www.danielarapetta.it\/fr\/creche-de-noel-en-liege\/","og_locale":"fr_FR","og_type":"article","og_title":"Cr\u00e8che de No\u00ebl en li\u00e8ge - Daniela Rapetta","og_description":"Un apr\u00e8s-midi avec tes amis pour cr\u00e9er ta cr\u00e8che de No\u00ebl en mat\u00e9riel recycl\u00e9. Une boite de chaussure pour la cabane, des bouts d&rsquo;\u00e9corce pour le toit, bouchons en li\u00e8ge et feutrine pour les santons. Et surtout&#8230; beaucoup de cr\u00e9ativit\u00e9 !","og_url":"https:\/\/www.danielarapetta.it\/fr\/creche-de-noel-en-liege\/","og_site_name":"Daniela Rapetta","article_published_time":"2023-06-05T13:11:11+00:00","article_modified_time":"2024-04-22T14:26:49+00:00","og_image":[{"width":600,"height":567,"url":"https:\/\/www.danielarapetta.it\/wp-content\/uploads\/2023\/06\/presepe_sughero.jpg","type":"image\/jpeg"}],"author":"dr-webdev","twitter_card":"summary_large_image","twitter_misc":{"\u00c9crit par":"dr-webdev"},"schema":{"@context":"https:\/\/schema.org","@graph":[{"@type":"Article","@id":"https:\/\/www.danielarapetta.it\/fr\/creche-de-noel-en-liege\/#article","isPartOf":{"@id":"https:\/\/www.danielarapetta.it\/fr\/creche-de-noel-en-liege\/"},"author":{"name":"dr-webdev","@id":"https:\/\/www.danielarapetta.it\/fr\/#\/schema\/person\/82a14597c521bd8dfdee88bf453c4d7d"},"headline":"Cr\u00e8che de No\u00ebl en li\u00e8ge","datePublished":"2023-06-05T13:11:11+00:00","dateModified":"2024-04-22T14:26:49+00:00","mainEntityOfPage":{"@id":"https:\/\/www.danielarapetta.it\/fr\/creche-de-noel-en-liege\/"},"wordCount":56,"publisher":{"@id":"https:\/\/www.danielarapetta.it\/fr\/#\/schema\/person\/90a3b04ebfff8efab9a67cdf7a2be37d"},"image":{"@id":"https:\/\/www.danielarapetta.it\/fr\/creche-de-noel-en-liege\/#primaryimage"},"thumbnailUrl":"https:\/\/www.danielarapetta.it\/wp-content\/uploads\/2023\/06\/Design-1.jpg","articleSection":["Ateliers enfants"],"inLanguage":"fr-FR"},{"@type":"WebPage","@id":"https:\/\/www.danielarapetta.it\/fr\/creche-de-noel-en-liege\/","url":"https:\/\/www.danielarapetta.it\/fr\/creche-de-noel-en-liege\/","name":"Cr\u00e8che de No\u00ebl en li\u00e8ge - Daniela Rapetta","isPartOf":{"@id":"https:\/\/www.danielarapetta.it\/fr\/#website"},"primaryImageOfPage":{"@id":"https:\/\/www.danielarapetta.it\/fr\/creche-de-noel-en-liege\/#primaryimage"},"image":{"@id":"https:\/\/www.danielarapetta.it\/fr\/creche-de-noel-en-liege\/#primaryimage"},"thumbnailUrl":"https:\/\/www.danielarapetta.it\/wp-content\/uploads\/2023\/06\/Design-1.jpg","datePublished":"2023-06-05T13:11:11+00:00","dateModified":"2024-04-22T14:26:49+00:00","breadcrumb":{"@id":"https:\/\/www.danielarapetta.it\/fr\/creche-de-noel-en-liege\/#breadcrumb"},"inLanguage":"fr-FR","potentialAction":[{"@type":"ReadAction","target":["https:\/\/www.danielarapetta.it\/fr\/creche-de-noel-en-liege\/"]}]},{"@type":"ImageObject","inLanguage":"fr-FR","@id":"https:\/\/www.danielarapetta.it\/fr\/creche-de-noel-en-liege\/#primaryimage","url":"https:\/\/www.danielarapetta.it\/wp-content\/uploads\/2023\/06\/Design-1.jpg","contentUrl":"https:\/\/www.danielarapetta.it\/wp-content\/uploads\/2023\/06\/Design-1.jpg","width":1080,"height":1080},{"@type":"BreadcrumbList","@id":"https:\/\/www.danielarapetta.it\/fr\/creche-de-noel-en-liege\/#breadcrumb","itemListElement":[{"@type":"ListItem","position":1,"name":"Home","item":"https:\/\/www.danielarapetta.it\/fr\/"},{"@type":"ListItem","position":2,"name":"Cr\u00e8che de No\u00ebl en li\u00e8ge"}]},{"@type":"WebSite","@id":"https:\/\/www.danielarapetta.it\/fr\/#website","url":"https:\/\/www.danielarapetta.it\/fr\/","name":"Daniela Rapetta","description":"Emozioni e Colori","publisher":{"@id":"https:\/\/www.danielarapetta.it\/fr\/#\/schema\/person\/90a3b04ebfff8efab9a67cdf7a2be37d"},"potentialAction":[{"@type":"SearchAction","target":{"@type":"EntryPoint","urlTemplate":"https:\/\/www.danielarapetta.it\/fr\/?s={search_term_string}"},"query-input":"required name=search_term_string"}],"inLanguage":"fr-FR"},{"@type":["Person","Organization"],"@id":"https:\/\/www.danielarapetta.it\/fr\/#\/schema\/person\/90a3b04ebfff8efab9a67cdf7a2be37d","name":"Daniela Rapetta","image":{"@type":"ImageObject","inLanguage":"fr-FR","@id":"https:\/\/www.danielarapetta.it\/fr\/#\/schema\/person\/image\/","url":"https:\/\/www.danielarapetta.it\/wp-content\/uploads\/2023\/05\/logo.png","contentUrl":"https:\/\/www.danielarapetta.it\/wp-content\/uploads\/2023\/05\/logo.png","width":450,"height":176,"caption":"Daniela Rapetta"},"logo":{"@id":"https:\/\/www.danielarapetta.it\/fr\/#\/schema\/person\/image\/"}},{"@type":"Person","@id":"https:\/\/www.danielarapetta.it\/fr\/#\/schema\/person\/82a14597c521bd8dfdee88bf453c4d7d","name":"dr-webdev","image":{"@type":"ImageObject","inLanguage":"fr-FR","@id":"https:\/\/www.danielarapetta.it\/fr\/#\/schema\/person\/image\/","url":"https:\/\/www.danielarapetta.it\/wp-content\/litespeed\/avatar\/9dc2e5006ffeb897be2eb91d200f4d12.jpg?ver=1777093330","contentUrl":"https:\/\/www.danielarapetta.it\/wp-content\/litespeed\/avatar\/9dc2e5006ffeb897be2eb91d200f4d12.jpg?ver=1777093330","caption":"dr-webdev"},"sameAs":["https:\/\/www.danielarapetta.it"]}]}},"_links":{"self":[{"href":"https:\/\/www.danielarapetta.it\/fr\/wp-json\/wp\/v2\/posts\/694","targetHints":{"allow":["GET"]}}],"collection":[{"href":"https:\/\/www.danielarapetta.it\/fr\/wp-json\/wp\/v2\/posts"}],"about":[{"href":"https:\/\/www.danielarapetta.it\/fr\/wp-json\/wp\/v2\/types\/post"}],"author":[{"embeddable":true,"href":"https:\/\/www.danielarapetta.it\/fr\/wp-json\/wp\/v2\/users\/1"}],"replies":[{"embeddable":true,"href":"https:\/\/www.danielarapetta.it\/fr\/wp-json\/wp\/v2\/comments?post=694"}],"version-history":[{"count":16,"href":"https:\/\/www.danielarapetta.it\/fr\/wp-json\/wp\/v2\/posts\/694\/revisions"}],"predecessor-version":[{"id":894,"href":"https:\/\/www.danielarapetta.it\/fr\/wp-json\/wp\/v2\/posts\/694\/revisions\/894"}],"wp:featuredmedia":[{"embeddable":true,"href":"https:\/\/www.danielarapetta.it\/fr\/wp-json\/wp\/v2\/media\/970"}],"wp:attachment":[{"href":"https:\/\/www.danielarapetta.it\/fr\/wp-json\/wp\/v2\/media?parent=694"}],"wp:term":[{"taxonomy":"category","embeddable":true,"href":"https:\/\/www.danielarapetta.it\/fr\/wp-json\/wp\/v2\/categories?post=694"},{"taxonomy":"post_tag","embeddable":true,"href":"https:\/\/www.danielarapetta.it\/fr\/wp-json\/wp\/v2\/tags?post=694"}],"curies":[{"name":"wp","href":"https:\/\/api.w.org\/{rel}","templated":true}]}}