{"id":708,"date":"2023-06-05T15:07:08","date_gmt":"2023-06-05T13:07:08","guid":{"rendered":"https:\/\/www.danielarapetta.it\/foliage-dautomne\/"},"modified":"2023-07-11T23:41:15","modified_gmt":"2023-07-11T21:41:15","slug":"foliage-dautomne","status":"publish","type":"post","link":"https:\/\/www.danielarapetta.it\/fr\/foliage-dautomne\/","title":{"rendered":"Foliage d&rsquo;automne"},"content":{"rendered":"\t\t<div data-elementor-type=\"wp-post\" data-elementor-id=\"708\" class=\"elementor elementor-708 elementor-297\" data-elementor-post-type=\"post\">\n\t\t\t\t\t\t<section class=\"elementor-section elementor-top-section elementor-element elementor-element-7032c756 elementor-section-boxed elementor-section-height-default elementor-section-height-default\" data-id=\"7032c756\" data-element_type=\"section\">\n\t\t\t\t\t\t<div class=\"elementor-container elementor-column-gap-default\">\n\t\t\t\t\t<div class=\"elementor-column elementor-col-100 elementor-top-column elementor-element elementor-element-58ca9b20\" data-id=\"58ca9b20\" data-element_type=\"column\">\n\t\t\t<div class=\"elementor-widget-wrap elementor-element-populated\">\n\t\t\t\t\t\t<div class=\"elementor-element elementor-element-286c9ece elementor-widget elementor-widget-text-editor\" data-id=\"286c9ece\" data-element_type=\"widget\" data-widget_type=\"text-editor.default\">\n\t\t\t\t<div class=\"elementor-widget-container\">\n\t\t\t<style>\/*! elementor - v3.20.0 - 20-03-2024 *\/\n.elementor-widget-text-editor.elementor-drop-cap-view-stacked .elementor-drop-cap{background-color:#69727d;color:#fff}.elementor-widget-text-editor.elementor-drop-cap-view-framed .elementor-drop-cap{color:#69727d;border:3px solid;background-color:transparent}.elementor-widget-text-editor:not(.elementor-drop-cap-view-default) .elementor-drop-cap{margin-top:8px}.elementor-widget-text-editor:not(.elementor-drop-cap-view-default) .elementor-drop-cap-letter{width:1em;height:1em}.elementor-widget-text-editor .elementor-drop-cap{float:left;text-align:center;line-height:1;font-size:50px}.elementor-widget-text-editor .elementor-drop-cap-letter{display:inline-block}<\/style>\t\t\t\t<p>Atelier de peinture cr\u00e9ative : pinceaux, couleurs et beaucoup d&rsquo;imagination pour cr\u00e9er une petite \u0153uvre d&rsquo;art aux couleurs de l&rsquo;automne !<\/p>\n<p><img fetchpriority=\"high\" decoding=\"async\" class=\"aligncenter wp-image-298 size-medium\" src=\"https:\/\/www.danielarapetta.it\/wp-content\/uploads\/2023\/06\/colori-d-autunno-300x189.jpg\" alt=\"\" width=\"300\" height=\"189\" srcset=\"https:\/\/www.danielarapetta.it\/wp-content\/uploads\/2023\/06\/colori-d-autunno-300x189.jpg 300w, https:\/\/www.danielarapetta.it\/wp-content\/uploads\/2023\/06\/colori-d-autunno-1024x644.jpg 1024w, https:\/\/www.danielarapetta.it\/wp-content\/uploads\/2023\/06\/colori-d-autunno-768x483.jpg 768w, https:\/\/www.danielarapetta.it\/wp-content\/uploads\/2023\/06\/colori-d-autunno.jpg 1500w\" sizes=\"(max-width: 300px) 100vw, 300px\" \/><\/p>\n\t\t\t\t\t\t<\/div>\n\t\t\t\t<\/div>\n\t\t\t\t\t<\/div>\n\t\t<\/div>\n\t\t\t\t\t<\/div>\n\t\t<\/section>\n\t\t\t\t<\/div>\n\t\t","protected":false},"excerpt":{"rendered":"<p>Atelier de peinture cr\u00e9ative : pinceaux, couleurs et beaucoup d&rsquo;imagination pour cr\u00e9er une petite \u0153uvre d&rsquo;art aux couleurs de l&rsquo;automne !<\/p>\n","protected":false},"author":1,"featured_media":989,"comment_status":"closed","ping_status":"closed","sticky":false,"template":"","format":"standard","meta":{"_acf_changed":false,"footnotes":""},"categories":[30],"tags":[],"class_list":["post-708","post","type-post","status-publish","format-standard","has-post-thumbnail","hentry","category-ateliers-enfants"],"acf":[],"yoast_head":"<!-- This site is optimized with the Yoast SEO plugin v22.3 - https:\/\/yoast.com\/wordpress\/plugins\/seo\/ -->\n<title>Foliage d&#039;automne - Daniela Rapetta<\/title>\n<meta name=\"robots\" content=\"index, follow, max-snippet:-1, max-image-preview:large, max-video-preview:-1\" \/>\n<link rel=\"canonical\" href=\"https:\/\/www.danielarapetta.it\/fr\/foliage-dautomne\/\" \/>\n<meta property=\"og:locale\" content=\"fr_FR\" \/>\n<meta property=\"og:type\" content=\"article\" \/>\n<meta property=\"og:title\" content=\"Foliage d&#039;automne - Daniela Rapetta\" \/>\n<meta property=\"og:description\" content=\"Atelier de peinture cr\u00e9ative : pinceaux, couleurs et beaucoup d&rsquo;imagination pour cr\u00e9er une petite \u0153uvre d&rsquo;art aux couleurs de l&rsquo;automne !\" \/>\n<meta property=\"og:url\" content=\"https:\/\/www.danielarapetta.it\/fr\/foliage-dautomne\/\" \/>\n<meta property=\"og:site_name\" content=\"Daniela Rapetta\" \/>\n<meta property=\"article:published_time\" content=\"2023-06-05T13:07:08+00:00\" \/>\n<meta property=\"article:modified_time\" content=\"2023-07-11T21:41:15+00:00\" \/>\n<meta property=\"og:image\" content=\"https:\/\/www.danielarapetta.it\/wp-content\/uploads\/2023\/06\/colori-d-autunno.jpg\" \/>\n\t<meta property=\"og:image:width\" content=\"1500\" \/>\n\t<meta property=\"og:image:height\" content=\"944\" \/>\n\t<meta property=\"og:image:type\" content=\"image\/jpeg\" \/>\n<meta name=\"author\" content=\"dr-webdev\" \/>\n<meta name=\"twitter:card\" content=\"summary_large_image\" \/>\n<meta name=\"twitter:label1\" content=\"\u00c9crit par\" \/>\n\t<meta name=\"twitter:data1\" content=\"dr-webdev\" \/>\n<script type=\"application\/ld+json\" class=\"yoast-schema-graph\">{\"@context\":\"https:\/\/schema.org\",\"@graph\":[{\"@type\":\"Article\",\"@id\":\"https:\/\/www.danielarapetta.it\/fr\/foliage-dautomne\/#article\",\"isPartOf\":{\"@id\":\"https:\/\/www.danielarapetta.it\/fr\/foliage-dautomne\/\"},\"author\":{\"name\":\"dr-webdev\",\"@id\":\"https:\/\/www.danielarapetta.it\/fr\/#\/schema\/person\/82a14597c521bd8dfdee88bf453c4d7d\"},\"headline\":\"Foliage d&rsquo;automne\",\"datePublished\":\"2023-06-05T13:07:08+00:00\",\"dateModified\":\"2023-07-11T21:41:15+00:00\",\"mainEntityOfPage\":{\"@id\":\"https:\/\/www.danielarapetta.it\/fr\/foliage-dautomne\/\"},\"wordCount\":27,\"publisher\":{\"@id\":\"https:\/\/www.danielarapetta.it\/fr\/#\/schema\/person\/90a3b04ebfff8efab9a67cdf7a2be37d\"},\"image\":{\"@id\":\"https:\/\/www.danielarapetta.it\/fr\/foliage-dautomne\/#primaryimage\"},\"thumbnailUrl\":\"https:\/\/www.danielarapetta.it\/wp-content\/uploads\/2023\/06\/Pomeriggi-artistici-202425-Publication-Instagram.jpg\",\"articleSection\":[\"Ateliers enfants\"],\"inLanguage\":\"fr-FR\"},{\"@type\":\"WebPage\",\"@id\":\"https:\/\/www.danielarapetta.it\/fr\/foliage-dautomne\/\",\"url\":\"https:\/\/www.danielarapetta.it\/fr\/foliage-dautomne\/\",\"name\":\"Foliage d'automne - Daniela Rapetta\",\"isPartOf\":{\"@id\":\"https:\/\/www.danielarapetta.it\/fr\/#website\"},\"primaryImageOfPage\":{\"@id\":\"https:\/\/www.danielarapetta.it\/fr\/foliage-dautomne\/#primaryimage\"},\"image\":{\"@id\":\"https:\/\/www.danielarapetta.it\/fr\/foliage-dautomne\/#primaryimage\"},\"thumbnailUrl\":\"https:\/\/www.danielarapetta.it\/wp-content\/uploads\/2023\/06\/Pomeriggi-artistici-202425-Publication-Instagram.jpg\",\"datePublished\":\"2023-06-05T13:07:08+00:00\",\"dateModified\":\"2023-07-11T21:41:15+00:00\",\"breadcrumb\":{\"@id\":\"https:\/\/www.danielarapetta.it\/fr\/foliage-dautomne\/#breadcrumb\"},\"inLanguage\":\"fr-FR\",\"potentialAction\":[{\"@type\":\"ReadAction\",\"target\":[\"https:\/\/www.danielarapetta.it\/fr\/foliage-dautomne\/\"]}]},{\"@type\":\"ImageObject\",\"inLanguage\":\"fr-FR\",\"@id\":\"https:\/\/www.danielarapetta.it\/fr\/foliage-dautomne\/#primaryimage\",\"url\":\"https:\/\/www.danielarapetta.it\/wp-content\/uploads\/2023\/06\/Pomeriggi-artistici-202425-Publication-Instagram.jpg\",\"contentUrl\":\"https:\/\/www.danielarapetta.it\/wp-content\/uploads\/2023\/06\/Pomeriggi-artistici-202425-Publication-Instagram.jpg\",\"width\":1080,\"height\":1080},{\"@type\":\"BreadcrumbList\",\"@id\":\"https:\/\/www.danielarapetta.it\/fr\/foliage-dautomne\/#breadcrumb\",\"itemListElement\":[{\"@type\":\"ListItem\",\"position\":1,\"name\":\"Home\",\"item\":\"https:\/\/www.danielarapetta.it\/fr\/\"},{\"@type\":\"ListItem\",\"position\":2,\"name\":\"Foliage d&#8217;automne\"}]},{\"@type\":\"WebSite\",\"@id\":\"https:\/\/www.danielarapetta.it\/fr\/#website\",\"url\":\"https:\/\/www.danielarapetta.it\/fr\/\",\"name\":\"Daniela Rapetta\",\"description\":\"Emozioni e Colori\",\"publisher\":{\"@id\":\"https:\/\/www.danielarapetta.it\/fr\/#\/schema\/person\/90a3b04ebfff8efab9a67cdf7a2be37d\"},\"potentialAction\":[{\"@type\":\"SearchAction\",\"target\":{\"@type\":\"EntryPoint\",\"urlTemplate\":\"https:\/\/www.danielarapetta.it\/fr\/?s={search_term_string}\"},\"query-input\":\"required name=search_term_string\"}],\"inLanguage\":\"fr-FR\"},{\"@type\":[\"Person\",\"Organization\"],\"@id\":\"https:\/\/www.danielarapetta.it\/fr\/#\/schema\/person\/90a3b04ebfff8efab9a67cdf7a2be37d\",\"name\":\"Daniela Rapetta\",\"image\":{\"@type\":\"ImageObject\",\"inLanguage\":\"fr-FR\",\"@id\":\"https:\/\/www.danielarapetta.it\/fr\/#\/schema\/person\/image\/\",\"url\":\"https:\/\/www.danielarapetta.it\/wp-content\/uploads\/2023\/05\/logo.png\",\"contentUrl\":\"https:\/\/www.danielarapetta.it\/wp-content\/uploads\/2023\/05\/logo.png\",\"width\":450,\"height\":176,\"caption\":\"Daniela Rapetta\"},\"logo\":{\"@id\":\"https:\/\/www.danielarapetta.it\/fr\/#\/schema\/person\/image\/\"}},{\"@type\":\"Person\",\"@id\":\"https:\/\/www.danielarapetta.it\/fr\/#\/schema\/person\/82a14597c521bd8dfdee88bf453c4d7d\",\"name\":\"dr-webdev\",\"image\":{\"@type\":\"ImageObject\",\"inLanguage\":\"fr-FR\",\"@id\":\"https:\/\/www.danielarapetta.it\/fr\/#\/schema\/person\/image\/\",\"url\":\"https:\/\/www.danielarapetta.it\/wp-content\/litespeed\/avatar\/9dc2e5006ffeb897be2eb91d200f4d12.jpg?ver=1777093330\",\"contentUrl\":\"https:\/\/www.danielarapetta.it\/wp-content\/litespeed\/avatar\/9dc2e5006ffeb897be2eb91d200f4d12.jpg?ver=1777093330\",\"caption\":\"dr-webdev\"},\"sameAs\":[\"https:\/\/www.danielarapetta.it\"]}]}<\/script>\n<!-- \/ Yoast SEO plugin. -->","yoast_head_json":{"title":"Foliage d'automne - Daniela Rapetta","robots":{"index":"index","follow":"follow","max-snippet":"max-snippet:-1","max-image-preview":"max-image-preview:large","max-video-preview":"max-video-preview:-1"},"canonical":"https:\/\/www.danielarapetta.it\/fr\/foliage-dautomne\/","og_locale":"fr_FR","og_type":"article","og_title":"Foliage d'automne - Daniela Rapetta","og_description":"Atelier de peinture cr\u00e9ative : pinceaux, couleurs et beaucoup d&rsquo;imagination pour cr\u00e9er une petite \u0153uvre d&rsquo;art aux couleurs de l&rsquo;automne !","og_url":"https:\/\/www.danielarapetta.it\/fr\/foliage-dautomne\/","og_site_name":"Daniela Rapetta","article_published_time":"2023-06-05T13:07:08+00:00","article_modified_time":"2023-07-11T21:41:15+00:00","og_image":[{"width":1500,"height":944,"url":"https:\/\/www.danielarapetta.it\/wp-content\/uploads\/2023\/06\/colori-d-autunno.jpg","type":"image\/jpeg"}],"author":"dr-webdev","twitter_card":"summary_large_image","twitter_misc":{"\u00c9crit par":"dr-webdev"},"schema":{"@context":"https:\/\/schema.org","@graph":[{"@type":"Article","@id":"https:\/\/www.danielarapetta.it\/fr\/foliage-dautomne\/#article","isPartOf":{"@id":"https:\/\/www.danielarapetta.it\/fr\/foliage-dautomne\/"},"author":{"name":"dr-webdev","@id":"https:\/\/www.danielarapetta.it\/fr\/#\/schema\/person\/82a14597c521bd8dfdee88bf453c4d7d"},"headline":"Foliage d&rsquo;automne","datePublished":"2023-06-05T13:07:08+00:00","dateModified":"2023-07-11T21:41:15+00:00","mainEntityOfPage":{"@id":"https:\/\/www.danielarapetta.it\/fr\/foliage-dautomne\/"},"wordCount":27,"publisher":{"@id":"https:\/\/www.danielarapetta.it\/fr\/#\/schema\/person\/90a3b04ebfff8efab9a67cdf7a2be37d"},"image":{"@id":"https:\/\/www.danielarapetta.it\/fr\/foliage-dautomne\/#primaryimage"},"thumbnailUrl":"https:\/\/www.danielarapetta.it\/wp-content\/uploads\/2023\/06\/Pomeriggi-artistici-202425-Publication-Instagram.jpg","articleSection":["Ateliers enfants"],"inLanguage":"fr-FR"},{"@type":"WebPage","@id":"https:\/\/www.danielarapetta.it\/fr\/foliage-dautomne\/","url":"https:\/\/www.danielarapetta.it\/fr\/foliage-dautomne\/","name":"Foliage d'automne - Daniela Rapetta","isPartOf":{"@id":"https:\/\/www.danielarapetta.it\/fr\/#website"},"primaryImageOfPage":{"@id":"https:\/\/www.danielarapetta.it\/fr\/foliage-dautomne\/#primaryimage"},"image":{"@id":"https:\/\/www.danielarapetta.it\/fr\/foliage-dautomne\/#primaryimage"},"thumbnailUrl":"https:\/\/www.danielarapetta.it\/wp-content\/uploads\/2023\/06\/Pomeriggi-artistici-202425-Publication-Instagram.jpg","datePublished":"2023-06-05T13:07:08+00:00","dateModified":"2023-07-11T21:41:15+00:00","breadcrumb":{"@id":"https:\/\/www.danielarapetta.it\/fr\/foliage-dautomne\/#breadcrumb"},"inLanguage":"fr-FR","potentialAction":[{"@type":"ReadAction","target":["https:\/\/www.danielarapetta.it\/fr\/foliage-dautomne\/"]}]},{"@type":"ImageObject","inLanguage":"fr-FR","@id":"https:\/\/www.danielarapetta.it\/fr\/foliage-dautomne\/#primaryimage","url":"https:\/\/www.danielarapetta.it\/wp-content\/uploads\/2023\/06\/Pomeriggi-artistici-202425-Publication-Instagram.jpg","contentUrl":"https:\/\/www.danielarapetta.it\/wp-content\/uploads\/2023\/06\/Pomeriggi-artistici-202425-Publication-Instagram.jpg","width":1080,"height":1080},{"@type":"BreadcrumbList","@id":"https:\/\/www.danielarapetta.it\/fr\/foliage-dautomne\/#breadcrumb","itemListElement":[{"@type":"ListItem","position":1,"name":"Home","item":"https:\/\/www.danielarapetta.it\/fr\/"},{"@type":"ListItem","position":2,"name":"Foliage d&#8217;automne"}]},{"@type":"WebSite","@id":"https:\/\/www.danielarapetta.it\/fr\/#website","url":"https:\/\/www.danielarapetta.it\/fr\/","name":"Daniela Rapetta","description":"Emozioni e Colori","publisher":{"@id":"https:\/\/www.danielarapetta.it\/fr\/#\/schema\/person\/90a3b04ebfff8efab9a67cdf7a2be37d"},"potentialAction":[{"@type":"SearchAction","target":{"@type":"EntryPoint","urlTemplate":"https:\/\/www.danielarapetta.it\/fr\/?s={search_term_string}"},"query-input":"required name=search_term_string"}],"inLanguage":"fr-FR"},{"@type":["Person","Organization"],"@id":"https:\/\/www.danielarapetta.it\/fr\/#\/schema\/person\/90a3b04ebfff8efab9a67cdf7a2be37d","name":"Daniela Rapetta","image":{"@type":"ImageObject","inLanguage":"fr-FR","@id":"https:\/\/www.danielarapetta.it\/fr\/#\/schema\/person\/image\/","url":"https:\/\/www.danielarapetta.it\/wp-content\/uploads\/2023\/05\/logo.png","contentUrl":"https:\/\/www.danielarapetta.it\/wp-content\/uploads\/2023\/05\/logo.png","width":450,"height":176,"caption":"Daniela Rapetta"},"logo":{"@id":"https:\/\/www.danielarapetta.it\/fr\/#\/schema\/person\/image\/"}},{"@type":"Person","@id":"https:\/\/www.danielarapetta.it\/fr\/#\/schema\/person\/82a14597c521bd8dfdee88bf453c4d7d","name":"dr-webdev","image":{"@type":"ImageObject","inLanguage":"fr-FR","@id":"https:\/\/www.danielarapetta.it\/fr\/#\/schema\/person\/image\/","url":"https:\/\/www.danielarapetta.it\/wp-content\/litespeed\/avatar\/9dc2e5006ffeb897be2eb91d200f4d12.jpg?ver=1777093330","contentUrl":"https:\/\/www.danielarapetta.it\/wp-content\/litespeed\/avatar\/9dc2e5006ffeb897be2eb91d200f4d12.jpg?ver=1777093330","caption":"dr-webdev"},"sameAs":["https:\/\/www.danielarapetta.it"]}]}},"_links":{"self":[{"href":"https:\/\/www.danielarapetta.it\/fr\/wp-json\/wp\/v2\/posts\/708","targetHints":{"allow":["GET"]}}],"collection":[{"href":"https:\/\/www.danielarapetta.it\/fr\/wp-json\/wp\/v2\/posts"}],"about":[{"href":"https:\/\/www.danielarapetta.it\/fr\/wp-json\/wp\/v2\/types\/post"}],"author":[{"embeddable":true,"href":"https:\/\/www.danielarapetta.it\/fr\/wp-json\/wp\/v2\/users\/1"}],"replies":[{"embeddable":true,"href":"https:\/\/www.danielarapetta.it\/fr\/wp-json\/wp\/v2\/comments?post=708"}],"version-history":[{"count":3,"href":"https:\/\/www.danielarapetta.it\/fr\/wp-json\/wp\/v2\/posts\/708\/revisions"}],"predecessor-version":[{"id":711,"href":"https:\/\/www.danielarapetta.it\/fr\/wp-json\/wp\/v2\/posts\/708\/revisions\/711"}],"wp:featuredmedia":[{"embeddable":true,"href":"https:\/\/www.danielarapetta.it\/fr\/wp-json\/wp\/v2\/media\/989"}],"wp:attachment":[{"href":"https:\/\/www.danielarapetta.it\/fr\/wp-json\/wp\/v2\/media?parent=708"}],"wp:term":[{"taxonomy":"category","embeddable":true,"href":"https:\/\/www.danielarapetta.it\/fr\/wp-json\/wp\/v2\/categories?post=708"},{"taxonomy":"post_tag","embeddable":true,"href":"https:\/\/www.danielarapetta.it\/fr\/wp-json\/wp\/v2\/tags?post=708"}],"curies":[{"name":"wp","href":"https:\/\/api.w.org\/{rel}","templated":true}]}}