{"id":771,"date":"2023-07-25T11:00:29","date_gmt":"2023-07-25T09:00:29","guid":{"rendered":"https:\/\/www.danielarapetta.it\/arts-au-summertime-party\/"},"modified":"2024-05-08T16:55:26","modified_gmt":"2024-05-08T14:55:26","slug":"arts-au-summertime-party","status":"publish","type":"post","link":"https:\/\/www.danielarapetta.it\/fr\/arts-au-summertime-party\/","title":{"rendered":"Arts au Summertime Party"},"content":{"rendered":"\t\t<div data-elementor-type=\"wp-post\" data-elementor-id=\"771\" class=\"elementor elementor-771 elementor-749\" data-elementor-post-type=\"post\">\n\t\t\t\t\t\t<section class=\"elementor-section elementor-top-section elementor-element elementor-element-a261df6 elementor-section-boxed elementor-section-height-default elementor-section-height-default\" data-id=\"a261df6\" data-element_type=\"section\">\n\t\t\t\t\t\t<div class=\"elementor-container elementor-column-gap-default\">\n\t\t\t\t\t<div class=\"elementor-column elementor-col-50 elementor-top-column elementor-element elementor-element-99407d4\" data-id=\"99407d4\" data-element_type=\"column\">\n\t\t\t<div class=\"elementor-widget-wrap elementor-element-populated\">\n\t\t\t\t\t\t<div class=\"elementor-element elementor-element-8ddf335 elementor-widget elementor-widget-image\" data-id=\"8ddf335\" data-element_type=\"widget\" data-widget_type=\"image.default\">\n\t\t\t\t<div class=\"elementor-widget-container\">\n\t\t\t<style>\/*! elementor - v3.20.0 - 20-03-2024 *\/\n.elementor-widget-image{text-align:center}.elementor-widget-image a{display:inline-block}.elementor-widget-image a img[src$=\".svg\"]{width:48px}.elementor-widget-image img{vertical-align:middle;display:inline-block}<\/style>\t\t\t\t\t\t\t\t\t\t<img fetchpriority=\"high\" decoding=\"async\" width=\"720\" height=\"720\" src=\"https:\/\/www.danielarapetta.it\/wp-content\/uploads\/2023\/07\/equilibrea_2023.jpg\" class=\"attachment-large size-large wp-image-752\" alt=\"\" srcset=\"https:\/\/www.danielarapetta.it\/wp-content\/uploads\/2023\/07\/equilibrea_2023.jpg 720w, https:\/\/www.danielarapetta.it\/wp-content\/uploads\/2023\/07\/equilibrea_2023-300x300.jpg 300w, https:\/\/www.danielarapetta.it\/wp-content\/uploads\/2023\/07\/equilibrea_2023-150x150.jpg 150w\" sizes=\"(max-width: 720px) 100vw, 720px\" \/>\t\t\t\t\t\t\t\t\t\t\t\t\t<\/div>\n\t\t\t\t<\/div>\n\t\t\t\t\t<\/div>\n\t\t<\/div>\n\t\t\t\t<div class=\"elementor-column elementor-col-50 elementor-top-column elementor-element elementor-element-d363bc9\" data-id=\"d363bc9\" data-element_type=\"column\">\n\t\t\t<div class=\"elementor-widget-wrap elementor-element-populated\">\n\t\t\t\t\t\t<div class=\"elementor-element elementor-element-9639cd3 elementor-widget elementor-widget-heading\" data-id=\"9639cd3\" data-element_type=\"widget\" data-widget_type=\"heading.default\">\n\t\t\t\t<div class=\"elementor-widget-container\">\n\t\t\t<style>\/*! elementor - v3.20.0 - 20-03-2024 *\/\n.elementor-heading-title{padding:0;margin:0;line-height:1}.elementor-widget-heading .elementor-heading-title[class*=elementor-size-]>a{color:inherit;font-size:inherit;line-height:inherit}.elementor-widget-heading .elementor-heading-title.elementor-size-small{font-size:15px}.elementor-widget-heading .elementor-heading-title.elementor-size-medium{font-size:19px}.elementor-widget-heading .elementor-heading-title.elementor-size-large{font-size:29px}.elementor-widget-heading .elementor-heading-title.elementor-size-xl{font-size:39px}.elementor-widget-heading .elementor-heading-title.elementor-size-xxl{font-size:59px}<\/style><p class=\"elementor-heading-title elementor-size-default\"><div><h4><\/h4><h4> ... moments de BEAUTE<\/h4><h4><br><\/h4><h4>Una serata all'insegna della musica, dell'arte del divertimento. E' la seconda edizione di questo appuntamento con l'estate, ricca di incontri, sorprese e bellezza. Non mancare!<\/h4><div>Per informazioni :<br><\/div><div>https:\/\/www.equilibrea.it\/EVENTO\/index.html<br><\/div><\/p>\t\t<\/div>\n\t\t\t\t<\/div>\n\t\t\t\t\t<\/div>\n\t\t<\/div>\n\t\t\t\t\t<\/div>\n\t\t<\/section>\n\t\t\t\t<\/div>\n\t\t","protected":false},"excerpt":{"rendered":"<p>&#8230; moments de BEAUTE Una serata all&rsquo;insegna della musica, dell&rsquo;arte del divertimento. E&rsquo; la seconda edizione di questo appuntamento con l&rsquo;estate, ricca di incontri, sorprese e bellezza. Non mancare! Per informazioni :https:\/\/www.equilibrea.it\/EVENTO\/index.html<\/p>\n","protected":false},"author":4,"featured_media":0,"comment_status":"closed","ping_status":"closed","sticky":false,"template":"","format":"standard","meta":{"_acf_changed":false,"footnotes":""},"categories":[31],"tags":[],"class_list":["post-771","post","type-post","status-publish","format-standard","hentry","category-expositions"],"acf":[],"yoast_head":"<!-- This site is optimized with the Yoast SEO plugin v22.3 - https:\/\/yoast.com\/wordpress\/plugins\/seo\/ -->\n<title>Arts au Summertime Party - Daniela Rapetta<\/title>\n<meta name=\"robots\" content=\"index, follow, max-snippet:-1, max-image-preview:large, max-video-preview:-1\" \/>\n<link rel=\"canonical\" href=\"https:\/\/www.danielarapetta.it\/fr\/arts-au-summertime-party\/\" \/>\n<meta property=\"og:locale\" content=\"fr_FR\" \/>\n<meta property=\"og:type\" content=\"article\" \/>\n<meta property=\"og:title\" content=\"Arts au Summertime Party - Daniela Rapetta\" \/>\n<meta property=\"og:description\" content=\"&#8230; moments de BEAUTE Una serata all&rsquo;insegna della musica, dell&rsquo;arte del divertimento. E&rsquo; la seconda edizione di questo appuntamento con l&rsquo;estate, ricca di incontri, sorprese e bellezza. Non mancare! Per informazioni :https:\/\/www.equilibrea.it\/EVENTO\/index.html\" \/>\n<meta property=\"og:url\" content=\"https:\/\/www.danielarapetta.it\/fr\/arts-au-summertime-party\/\" \/>\n<meta property=\"og:site_name\" content=\"Daniela Rapetta\" \/>\n<meta property=\"article:published_time\" content=\"2023-07-25T09:00:29+00:00\" \/>\n<meta property=\"article:modified_time\" content=\"2024-05-08T14:55:26+00:00\" \/>\n<meta property=\"og:image\" content=\"https:\/\/www.danielarapetta.it\/wp-content\/uploads\/2023\/07\/equilibrea_2023.jpg\" \/>\n<meta name=\"author\" content=\"Daniela Rapetta\" \/>\n<meta name=\"twitter:card\" content=\"summary_large_image\" \/>\n<meta name=\"twitter:label1\" content=\"\u00c9crit par\" \/>\n\t<meta name=\"twitter:data1\" content=\"Daniela Rapetta\" \/>\n\t<meta name=\"twitter:label2\" content=\"Dur\u00e9e de lecture estim\u00e9e\" \/>\n\t<meta name=\"twitter:data2\" content=\"1 minute\" \/>\n<script type=\"application\/ld+json\" class=\"yoast-schema-graph\">{\"@context\":\"https:\/\/schema.org\",\"@graph\":[{\"@type\":\"Article\",\"@id\":\"https:\/\/www.danielarapetta.it\/fr\/arts-au-summertime-party\/#article\",\"isPartOf\":{\"@id\":\"https:\/\/www.danielarapetta.it\/fr\/arts-au-summertime-party\/\"},\"author\":{\"name\":\"Daniela Rapetta\",\"@id\":\"https:\/\/www.danielarapetta.it\/fr\/#\/schema\/person\/90a3b04ebfff8efab9a67cdf7a2be37d\"},\"headline\":\"Arts au Summertime Party\",\"datePublished\":\"2023-07-25T09:00:29+00:00\",\"dateModified\":\"2024-05-08T14:55:26+00:00\",\"mainEntityOfPage\":{\"@id\":\"https:\/\/www.danielarapetta.it\/fr\/arts-au-summertime-party\/\"},\"wordCount\":44,\"publisher\":{\"@id\":\"https:\/\/www.danielarapetta.it\/fr\/#\/schema\/person\/90a3b04ebfff8efab9a67cdf7a2be37d\"},\"image\":{\"@id\":\"https:\/\/www.danielarapetta.it\/fr\/arts-au-summertime-party\/#primaryimage\"},\"thumbnailUrl\":\"https:\/\/www.danielarapetta.it\/wp-content\/uploads\/2023\/07\/equilibrea_2023.jpg\",\"articleSection\":[\"Expositions\"],\"inLanguage\":\"fr-FR\"},{\"@type\":\"WebPage\",\"@id\":\"https:\/\/www.danielarapetta.it\/fr\/arts-au-summertime-party\/\",\"url\":\"https:\/\/www.danielarapetta.it\/fr\/arts-au-summertime-party\/\",\"name\":\"Arts au Summertime Party - Daniela Rapetta\",\"isPartOf\":{\"@id\":\"https:\/\/www.danielarapetta.it\/fr\/#website\"},\"primaryImageOfPage\":{\"@id\":\"https:\/\/www.danielarapetta.it\/fr\/arts-au-summertime-party\/#primaryimage\"},\"image\":{\"@id\":\"https:\/\/www.danielarapetta.it\/fr\/arts-au-summertime-party\/#primaryimage\"},\"thumbnailUrl\":\"https:\/\/www.danielarapetta.it\/wp-content\/uploads\/2023\/07\/equilibrea_2023.jpg\",\"datePublished\":\"2023-07-25T09:00:29+00:00\",\"dateModified\":\"2024-05-08T14:55:26+00:00\",\"breadcrumb\":{\"@id\":\"https:\/\/www.danielarapetta.it\/fr\/arts-au-summertime-party\/#breadcrumb\"},\"inLanguage\":\"fr-FR\",\"potentialAction\":[{\"@type\":\"ReadAction\",\"target\":[\"https:\/\/www.danielarapetta.it\/fr\/arts-au-summertime-party\/\"]}]},{\"@type\":\"ImageObject\",\"inLanguage\":\"fr-FR\",\"@id\":\"https:\/\/www.danielarapetta.it\/fr\/arts-au-summertime-party\/#primaryimage\",\"url\":\"https:\/\/www.danielarapetta.it\/wp-content\/uploads\/2023\/07\/equilibrea_2023.jpg\",\"contentUrl\":\"https:\/\/www.danielarapetta.it\/wp-content\/uploads\/2023\/07\/equilibrea_2023.jpg\",\"width\":720,\"height\":720,\"caption\":\"Il tempo della bellezza - Equilibrea (Chieri)\"},{\"@type\":\"BreadcrumbList\",\"@id\":\"https:\/\/www.danielarapetta.it\/fr\/arts-au-summertime-party\/#breadcrumb\",\"itemListElement\":[{\"@type\":\"ListItem\",\"position\":1,\"name\":\"Home\",\"item\":\"https:\/\/www.danielarapetta.it\/fr\/\"},{\"@type\":\"ListItem\",\"position\":2,\"name\":\"Arts au Summertime Party\"}]},{\"@type\":\"WebSite\",\"@id\":\"https:\/\/www.danielarapetta.it\/fr\/#website\",\"url\":\"https:\/\/www.danielarapetta.it\/fr\/\",\"name\":\"Daniela Rapetta\",\"description\":\"Emozioni e Colori\",\"publisher\":{\"@id\":\"https:\/\/www.danielarapetta.it\/fr\/#\/schema\/person\/90a3b04ebfff8efab9a67cdf7a2be37d\"},\"potentialAction\":[{\"@type\":\"SearchAction\",\"target\":{\"@type\":\"EntryPoint\",\"urlTemplate\":\"https:\/\/www.danielarapetta.it\/fr\/?s={search_term_string}\"},\"query-input\":\"required name=search_term_string\"}],\"inLanguage\":\"fr-FR\"},{\"@type\":[\"Person\",\"Organization\"],\"@id\":\"https:\/\/www.danielarapetta.it\/fr\/#\/schema\/person\/90a3b04ebfff8efab9a67cdf7a2be37d\",\"name\":\"Daniela Rapetta\",\"image\":{\"@type\":\"ImageObject\",\"inLanguage\":\"fr-FR\",\"@id\":\"https:\/\/www.danielarapetta.it\/fr\/#\/schema\/person\/image\/\",\"url\":\"https:\/\/www.danielarapetta.it\/wp-content\/uploads\/2023\/05\/logo.png\",\"contentUrl\":\"https:\/\/www.danielarapetta.it\/wp-content\/uploads\/2023\/05\/logo.png\",\"width\":450,\"height\":176,\"caption\":\"Daniela Rapetta\"},\"logo\":{\"@id\":\"https:\/\/www.danielarapetta.it\/fr\/#\/schema\/person\/image\/\"}}]}<\/script>\n<!-- \/ Yoast SEO plugin. -->","yoast_head_json":{"title":"Arts au Summertime Party - Daniela Rapetta","robots":{"index":"index","follow":"follow","max-snippet":"max-snippet:-1","max-image-preview":"max-image-preview:large","max-video-preview":"max-video-preview:-1"},"canonical":"https:\/\/www.danielarapetta.it\/fr\/arts-au-summertime-party\/","og_locale":"fr_FR","og_type":"article","og_title":"Arts au Summertime Party - Daniela Rapetta","og_description":"&#8230; moments de BEAUTE Una serata all&rsquo;insegna della musica, dell&rsquo;arte del divertimento. E&rsquo; la seconda edizione di questo appuntamento con l&rsquo;estate, ricca di incontri, sorprese e bellezza. Non mancare! Per informazioni :https:\/\/www.equilibrea.it\/EVENTO\/index.html","og_url":"https:\/\/www.danielarapetta.it\/fr\/arts-au-summertime-party\/","og_site_name":"Daniela Rapetta","article_published_time":"2023-07-25T09:00:29+00:00","article_modified_time":"2024-05-08T14:55:26+00:00","og_image":[{"url":"https:\/\/www.danielarapetta.it\/wp-content\/uploads\/2023\/07\/equilibrea_2023.jpg"}],"author":"Daniela Rapetta","twitter_card":"summary_large_image","twitter_misc":{"\u00c9crit par":"Daniela Rapetta","Dur\u00e9e de lecture estim\u00e9e":"1 minute"},"schema":{"@context":"https:\/\/schema.org","@graph":[{"@type":"Article","@id":"https:\/\/www.danielarapetta.it\/fr\/arts-au-summertime-party\/#article","isPartOf":{"@id":"https:\/\/www.danielarapetta.it\/fr\/arts-au-summertime-party\/"},"author":{"name":"Daniela Rapetta","@id":"https:\/\/www.danielarapetta.it\/fr\/#\/schema\/person\/90a3b04ebfff8efab9a67cdf7a2be37d"},"headline":"Arts au Summertime Party","datePublished":"2023-07-25T09:00:29+00:00","dateModified":"2024-05-08T14:55:26+00:00","mainEntityOfPage":{"@id":"https:\/\/www.danielarapetta.it\/fr\/arts-au-summertime-party\/"},"wordCount":44,"publisher":{"@id":"https:\/\/www.danielarapetta.it\/fr\/#\/schema\/person\/90a3b04ebfff8efab9a67cdf7a2be37d"},"image":{"@id":"https:\/\/www.danielarapetta.it\/fr\/arts-au-summertime-party\/#primaryimage"},"thumbnailUrl":"https:\/\/www.danielarapetta.it\/wp-content\/uploads\/2023\/07\/equilibrea_2023.jpg","articleSection":["Expositions"],"inLanguage":"fr-FR"},{"@type":"WebPage","@id":"https:\/\/www.danielarapetta.it\/fr\/arts-au-summertime-party\/","url":"https:\/\/www.danielarapetta.it\/fr\/arts-au-summertime-party\/","name":"Arts au Summertime Party - Daniela Rapetta","isPartOf":{"@id":"https:\/\/www.danielarapetta.it\/fr\/#website"},"primaryImageOfPage":{"@id":"https:\/\/www.danielarapetta.it\/fr\/arts-au-summertime-party\/#primaryimage"},"image":{"@id":"https:\/\/www.danielarapetta.it\/fr\/arts-au-summertime-party\/#primaryimage"},"thumbnailUrl":"https:\/\/www.danielarapetta.it\/wp-content\/uploads\/2023\/07\/equilibrea_2023.jpg","datePublished":"2023-07-25T09:00:29+00:00","dateModified":"2024-05-08T14:55:26+00:00","breadcrumb":{"@id":"https:\/\/www.danielarapetta.it\/fr\/arts-au-summertime-party\/#breadcrumb"},"inLanguage":"fr-FR","potentialAction":[{"@type":"ReadAction","target":["https:\/\/www.danielarapetta.it\/fr\/arts-au-summertime-party\/"]}]},{"@type":"ImageObject","inLanguage":"fr-FR","@id":"https:\/\/www.danielarapetta.it\/fr\/arts-au-summertime-party\/#primaryimage","url":"https:\/\/www.danielarapetta.it\/wp-content\/uploads\/2023\/07\/equilibrea_2023.jpg","contentUrl":"https:\/\/www.danielarapetta.it\/wp-content\/uploads\/2023\/07\/equilibrea_2023.jpg","width":720,"height":720,"caption":"Il tempo della bellezza - Equilibrea (Chieri)"},{"@type":"BreadcrumbList","@id":"https:\/\/www.danielarapetta.it\/fr\/arts-au-summertime-party\/#breadcrumb","itemListElement":[{"@type":"ListItem","position":1,"name":"Home","item":"https:\/\/www.danielarapetta.it\/fr\/"},{"@type":"ListItem","position":2,"name":"Arts au Summertime Party"}]},{"@type":"WebSite","@id":"https:\/\/www.danielarapetta.it\/fr\/#website","url":"https:\/\/www.danielarapetta.it\/fr\/","name":"Daniela Rapetta","description":"Emozioni e Colori","publisher":{"@id":"https:\/\/www.danielarapetta.it\/fr\/#\/schema\/person\/90a3b04ebfff8efab9a67cdf7a2be37d"},"potentialAction":[{"@type":"SearchAction","target":{"@type":"EntryPoint","urlTemplate":"https:\/\/www.danielarapetta.it\/fr\/?s={search_term_string}"},"query-input":"required name=search_term_string"}],"inLanguage":"fr-FR"},{"@type":["Person","Organization"],"@id":"https:\/\/www.danielarapetta.it\/fr\/#\/schema\/person\/90a3b04ebfff8efab9a67cdf7a2be37d","name":"Daniela Rapetta","image":{"@type":"ImageObject","inLanguage":"fr-FR","@id":"https:\/\/www.danielarapetta.it\/fr\/#\/schema\/person\/image\/","url":"https:\/\/www.danielarapetta.it\/wp-content\/uploads\/2023\/05\/logo.png","contentUrl":"https:\/\/www.danielarapetta.it\/wp-content\/uploads\/2023\/05\/logo.png","width":450,"height":176,"caption":"Daniela Rapetta"},"logo":{"@id":"https:\/\/www.danielarapetta.it\/fr\/#\/schema\/person\/image\/"}}]}},"_links":{"self":[{"href":"https:\/\/www.danielarapetta.it\/fr\/wp-json\/wp\/v2\/posts\/771","targetHints":{"allow":["GET"]}}],"collection":[{"href":"https:\/\/www.danielarapetta.it\/fr\/wp-json\/wp\/v2\/posts"}],"about":[{"href":"https:\/\/www.danielarapetta.it\/fr\/wp-json\/wp\/v2\/types\/post"}],"author":[{"embeddable":true,"href":"https:\/\/www.danielarapetta.it\/fr\/wp-json\/wp\/v2\/users\/4"}],"replies":[{"embeddable":true,"href":"https:\/\/www.danielarapetta.it\/fr\/wp-json\/wp\/v2\/comments?post=771"}],"version-history":[{"count":16,"href":"https:\/\/www.danielarapetta.it\/fr\/wp-json\/wp\/v2\/posts\/771\/revisions"}],"predecessor-version":[{"id":916,"href":"https:\/\/www.danielarapetta.it\/fr\/wp-json\/wp\/v2\/posts\/771\/revisions\/916"}],"wp:attachment":[{"href":"https:\/\/www.danielarapetta.it\/fr\/wp-json\/wp\/v2\/media?parent=771"}],"wp:term":[{"taxonomy":"category","embeddable":true,"href":"https:\/\/www.danielarapetta.it\/fr\/wp-json\/wp\/v2\/categories?post=771"},{"taxonomy":"post_tag","embeddable":true,"href":"https:\/\/www.danielarapetta.it\/fr\/wp-json\/wp\/v2\/tags?post=771"}],"curies":[{"name":"wp","href":"https:\/\/api.w.org\/{rel}","templated":true}]}}